{"id":1843,"date":"2019-03-18T23:08:30","date_gmt":"2019-03-18T23:08:30","guid":{"rendered":"https:\/\/www.sylvialarrass.com\/?p=1843"},"modified":"2019-03-18T23:08:30","modified_gmt":"2019-03-18T23:08:30","slug":"les-cles-pour-prendre-la-parole-en-reunion-avec-succes","status":"publish","type":"post","link":"https:\/\/www.sylvialarrass.com\/fr\/les-cles-pour-prendre-la-parole-en-reunion-avec-succes\/","title":{"rendered":"Les cl\u00e9s pour prendre la parole en r\u00e9union avec succ\u00e8s"},"content":{"rendered":"<div class=\"fusion-fullwidth fullwidth-box fusion-builder-row-1 nonhundred-percent-fullwidth non-hundred-percent-height-scrolling\" style=\"--awb-border-radius-top-left:0px;--awb-border-radius-top-right:0px;--awb-border-radius-bottom-right:0px;--awb-border-radius-bottom-left:0px;--awb-flex-wrap:wrap;\" ><div class=\"fusion-builder-row fusion-row\"><div class=\"fusion-layout-column fusion_builder_column fusion-builder-column-0 fusion_builder_column_1_1 1_1 fusion-one-full fusion-column-first fusion-column-last\" style=\"--awb-bg-size:cover;\"><div class=\"fusion-column-wrapper fusion-flex-column-wrapper-legacy\"><div class=\"fusion-text fusion-text-1\"><div class=\"post-content\">\n<p>Vous \u00eates de plus en plus souvent sollicit\u00e9e pour pr\u00e9senter vos projets, transmettre des informations ou les faire remonter \u00e0 votre hi\u00e9rarchie ? La prise de parole en public est difficile mais surmontable ! Les conseils de Christine Harache, consultante Cegos.<br \/>\n<span id=\"more-11262\"><\/span><\/p>\n<p><strong>Au-del\u00e0 de l\u2019expertise associ\u00e9e \u00e0 votre fonction d\u2019assistante, la communication joue un r\u00f4le d\u00e9terminant dans votre r\u00e9ussite professionnelle. Et pourtant, prendre la parole en r\u00e9union est un moment que vous appr\u00e9hendez :<\/strong><\/p>\n<ul>\n<li>vous n\u2019avez pas confiance en vous ;<\/li>\n<li>vous avez peur de bafouiller ;<\/li>\n<li>le trac vous paralyse ;<\/li>\n<li>vous craignez le fameux \u201ctrou de m\u00e9moire\u201d.<\/li>\n<\/ul>\n<h2>Apprivoiser le trac<\/h2>\n<ul>\n<li><strong>La peur de prendre la parole en public est une des peurs les plus fr\u00e9quemment \u00e9voqu\u00e9es par nos contemporains.<\/strong> Personne n\u2019y \u00e9chappe. M\u00eame les directeurs qui nous semblent si \u00e0 l\u2019aise dans cet exercice doivent leur aisance \u00e0 la pratique qui r\u00e9sulte d\u2019un long entrainement.<\/li>\n<li><strong>La source du trac r\u00e9side bien souvent dans notre trop grande exigence vis-\u00e0-vis de nous-m\u00eame.<\/strong> Il est difficile de r\u00e9ussir quand on se met la barre tr\u00e8s haut. Pour se sentir plus \u00e0 l\u2019aise, il est important de baisser son niveau d\u2019exigence et d\u2019accepter par avance d\u2019avoir des limites. N\u2019\u00e9coutez pas les petites voix n\u00e9gatives qui vous disent \u00ab je ne vais pas y arriver \u00bb, \u00ab je vais me ridiculiser \u00bb. Elles sont mauvaises conseill\u00e8res.<\/li>\n<li><strong>Relativisez l\u2019enjeu de la situation. Sous le coup du stress, on a tendance \u00e0 exag\u00e9rer l\u2019importance de la situation.<\/strong> Une bonne question \u00e0 se poser pour remettre les choses \u00e0 leur vraie place est : \u00ab qu\u2019est-ce que je risque de pire si je ne r\u00e9ussis pas ? \u00bb<\/li>\n<li><strong>Pensez \u00e0 respirer. Bien respirer est indispensable pour avoir une voix qui porte, et cela permet aussi de faire baisser son trac.<\/strong> Trois respirations profondes permettent de retrouver son calme. Si vous avez la bouche s\u00e8che, utilisez le truc des com\u00e9diens : se mordre le bout de la langue permet de rem\u00e9dier \u00e0 ce petit probl\u00e8me.<\/li>\n<li><strong>Enfin, il faut savoir que le trac est aussi notre alli\u00e9.<\/strong> Quand il n\u2019est pas trop paralysant, il nous permet de trouver l\u2019inspiration et de donner le meilleur de nous-m\u00eames. On dit que les com\u00e9diens qui n\u2019ont pas le trac n\u2019ont pas non plus de talent. Vous connaissez peut-\u00eatre l\u2019anecdote attribu\u00e9e \u00e0 la grande com\u00e9dienne Sarah Bernardt. \u00c0 une jeune com\u00e9dienne qui disait ne pas avoir le trac, elle aurait r\u00e9pondu : \u00ab Rassurez-vous, cela vous viendra avec le talent \u00bb.<\/li>\n<\/ul>\n<\/div>\n<\/div><div class=\"fusion-clearfix\"><\/div><\/div><\/div><\/div><\/div>\n","protected":false},"excerpt":{"rendered":"","protected":false},"author":1,"featured_media":0,"comment_status":"open","ping_status":"open","sticky":false,"template":"","format":"standard","meta":{"footnotes":""},"categories":[24],"tags":[],"class_list":["post-1843","post","type-post","status-publish","format-standard","hentry","category-non-classifiee"],"yoast_head":"<!-- This site is optimized with the Yoast SEO plugin v27.5 - https:\/\/yoast.com\/product\/yoast-seo-wordpress\/ -->\n<title>Les cl\u00e9s pour prendre la parole en r\u00e9union avec succ\u00e8s - Sylvia Larrass - Public Speaking Training and Voice Coaching<\/title>\n<meta name=\"robots\" content=\"index, follow, max-snippet:-1, max-image-preview:large, max-video-preview:-1\" \/>\n<link rel=\"canonical\" href=\"https:\/\/www.sylvialarrass.com\/fr\/les-cles-pour-prendre-la-parole-en-reunion-avec-succes\/\" \/>\n<meta property=\"og:locale\" content=\"fr_FR\" \/>\n<meta property=\"og:type\" content=\"article\" \/>\n<meta property=\"og:title\" content=\"Les cl\u00e9s pour prendre la parole en r\u00e9union avec succ\u00e8s - Sylvia Larrass - Public Speaking Training and Voice Coaching\" \/>\n<meta property=\"og:url\" content=\"https:\/\/www.sylvialarrass.com\/fr\/les-cles-pour-prendre-la-parole-en-reunion-avec-succes\/\" \/>\n<meta property=\"og:site_name\" content=\"Sylvia Larrass - Public Speaking Training and Voice Coaching\" \/>\n<meta property=\"article:author\" content=\"https:\/\/www.facebook.com\/ExcelAtSpeaking\/\" \/>\n<meta property=\"article:published_time\" content=\"2019-03-18T23:08:30+00:00\" \/>\n<meta name=\"author\" content=\"Sylvia Larrass\" \/>\n<meta name=\"twitter:card\" content=\"summary_large_image\" \/>\n<meta name=\"twitter:creator\" content=\"@excelatspeaking\" \/>\n<meta name=\"twitter:label1\" content=\"\u00c9crit par\" \/>\n\t<meta name=\"twitter:data1\" content=\"Sylvia Larrass\" \/>\n\t<meta name=\"twitter:label2\" content=\"Dur\u00e9e de lecture estim\u00e9e\" \/>\n\t<meta name=\"twitter:data2\" content=\"3 minutes\" \/>\n<script type=\"application\/ld+json\" class=\"yoast-schema-graph\">{\"@context\":\"https:\\\/\\\/schema.org\",\"@graph\":[{\"@type\":\"Article\",\"@id\":\"https:\\\/\\\/www.sylvialarrass.com\\\/fr\\\/les-cles-pour-prendre-la-parole-en-reunion-avec-succes\\\/#article\",\"isPartOf\":{\"@id\":\"https:\\\/\\\/www.sylvialarrass.com\\\/fr\\\/les-cles-pour-prendre-la-parole-en-reunion-avec-succes\\\/\"},\"author\":{\"name\":\"Sylvia Larrass\",\"@id\":\"https:\\\/\\\/www.sylvialarrass.com\\\/#\\\/schema\\\/person\\\/6690a1825715ab76ae67fa7ea756999a\"},\"headline\":\"Les cl\u00e9s pour prendre la parole en r\u00e9union avec succ\u00e8s\",\"datePublished\":\"2019-03-18T23:08:30+00:00\",\"mainEntityOfPage\":{\"@id\":\"https:\\\/\\\/www.sylvialarrass.com\\\/fr\\\/les-cles-pour-prendre-la-parole-en-reunion-avec-succes\\\/\"},\"wordCount\":651,\"commentCount\":0,\"articleSection\":[\"Non classifi\u00e9(e)\"],\"inLanguage\":\"fr-FR\",\"potentialAction\":[{\"@type\":\"CommentAction\",\"name\":\"Comment\",\"target\":[\"https:\\\/\\\/www.sylvialarrass.com\\\/fr\\\/les-cles-pour-prendre-la-parole-en-reunion-avec-succes\\\/#respond\"]}]},{\"@type\":\"WebPage\",\"@id\":\"https:\\\/\\\/www.sylvialarrass.com\\\/fr\\\/les-cles-pour-prendre-la-parole-en-reunion-avec-succes\\\/\",\"url\":\"https:\\\/\\\/www.sylvialarrass.com\\\/fr\\\/les-cles-pour-prendre-la-parole-en-reunion-avec-succes\\\/\",\"name\":\"Les cl\u00e9s pour prendre la parole en r\u00e9union avec succ\u00e8s - Sylvia Larrass - Public Speaking Training and Voice Coaching\",\"isPartOf\":{\"@id\":\"https:\\\/\\\/www.sylvialarrass.com\\\/#website\"},\"datePublished\":\"2019-03-18T23:08:30+00:00\",\"author\":{\"@id\":\"https:\\\/\\\/www.sylvialarrass.com\\\/#\\\/schema\\\/person\\\/6690a1825715ab76ae67fa7ea756999a\"},\"breadcrumb\":{\"@id\":\"https:\\\/\\\/www.sylvialarrass.com\\\/fr\\\/les-cles-pour-prendre-la-parole-en-reunion-avec-succes\\\/#breadcrumb\"},\"inLanguage\":\"fr-FR\",\"potentialAction\":[{\"@type\":\"ReadAction\",\"target\":[\"https:\\\/\\\/www.sylvialarrass.com\\\/fr\\\/les-cles-pour-prendre-la-parole-en-reunion-avec-succes\\\/\"]}]},{\"@type\":\"BreadcrumbList\",\"@id\":\"https:\\\/\\\/www.sylvialarrass.com\\\/fr\\\/les-cles-pour-prendre-la-parole-en-reunion-avec-succes\\\/#breadcrumb\",\"itemListElement\":[{\"@type\":\"ListItem\",\"position\":1,\"name\":\"Home\",\"item\":\"https:\\\/\\\/www.sylvialarrass.com\\\/fr\\\/\"},{\"@type\":\"ListItem\",\"position\":2,\"name\":\"Les cl\u00e9s pour prendre la parole en r\u00e9union avec succ\u00e8s\"}]},{\"@type\":\"WebSite\",\"@id\":\"https:\\\/\\\/www.sylvialarrass.com\\\/#website\",\"url\":\"https:\\\/\\\/www.sylvialarrass.com\\\/\",\"name\":\"Sylvia Larrass - Public Speaking Training and Voice Coaching\",\"description\":\"Public Speaking Training and Voice Coaching\",\"potentialAction\":[{\"@type\":\"SearchAction\",\"target\":{\"@type\":\"EntryPoint\",\"urlTemplate\":\"https:\\\/\\\/www.sylvialarrass.com\\\/?s={search_term_string}\"},\"query-input\":{\"@type\":\"PropertyValueSpecification\",\"valueRequired\":true,\"valueName\":\"search_term_string\"}}],\"inLanguage\":\"fr-FR\"},{\"@type\":\"Person\",\"@id\":\"https:\\\/\\\/www.sylvialarrass.com\\\/#\\\/schema\\\/person\\\/6690a1825715ab76ae67fa7ea756999a\",\"name\":\"Sylvia Larrass\",\"image\":{\"@type\":\"ImageObject\",\"inLanguage\":\"fr-FR\",\"@id\":\"https:\\\/\\\/secure.gravatar.com\\\/avatar\\\/50c30125c2237b112182ff22294a4f6b093781ca504135f6bda81992b3ca88b1?s=96&d=mm&r=g\",\"url\":\"https:\\\/\\\/secure.gravatar.com\\\/avatar\\\/50c30125c2237b112182ff22294a4f6b093781ca504135f6bda81992b3ca88b1?s=96&d=mm&r=g\",\"contentUrl\":\"https:\\\/\\\/secure.gravatar.com\\\/avatar\\\/50c30125c2237b112182ff22294a4f6b093781ca504135f6bda81992b3ca88b1?s=96&d=mm&r=g\",\"caption\":\"Sylvia Larrass\"},\"description\":\"Over the past 20 years, I\u2019ve coached hundreds of professionals across Canada and Europe in person and virtually in voice, public speaking, communication and leadership skills. From CEOs to politicians, lawyers, public servants of all levels, scientists, entrepreneurs, among others, I\u2019ve seen individuals and teams take their communication abilities to unexpected heights.\",\"sameAs\":[\"https:\\\/\\\/www.facebook.com\\\/ExcelAtSpeaking\\\/\",\"sylvia-larrass-7835333\",\"https:\\\/\\\/x.com\\\/excelatspeaking\"],\"url\":\"https:\\\/\\\/www.sylvialarrass.com\\\/fr\\\/author\\\/sundance3\\\/\"}]}<\/script>\n<!-- \/ Yoast SEO plugin. -->","yoast_head_json":{"title":"Les cl\u00e9s pour prendre la parole en r\u00e9union avec succ\u00e8s - Sylvia Larrass - Public Speaking Training and Voice Coaching","robots":{"index":"index","follow":"follow","max-snippet":"max-snippet:-1","max-image-preview":"max-image-preview:large","max-video-preview":"max-video-preview:-1"},"canonical":"https:\/\/www.sylvialarrass.com\/fr\/les-cles-pour-prendre-la-parole-en-reunion-avec-succes\/","og_locale":"fr_FR","og_type":"article","og_title":"Les cl\u00e9s pour prendre la parole en r\u00e9union avec succ\u00e8s - Sylvia Larrass - Public Speaking Training and Voice Coaching","og_url":"https:\/\/www.sylvialarrass.com\/fr\/les-cles-pour-prendre-la-parole-en-reunion-avec-succes\/","og_site_name":"Sylvia Larrass - Public Speaking Training and Voice Coaching","article_author":"https:\/\/www.facebook.com\/ExcelAtSpeaking\/","article_published_time":"2019-03-18T23:08:30+00:00","author":"Sylvia Larrass","twitter_card":"summary_large_image","twitter_creator":"@excelatspeaking","twitter_misc":{"\u00c9crit par":"Sylvia Larrass","Dur\u00e9e de lecture estim\u00e9e":"3 minutes"},"schema":{"@context":"https:\/\/schema.org","@graph":[{"@type":"Article","@id":"https:\/\/www.sylvialarrass.com\/fr\/les-cles-pour-prendre-la-parole-en-reunion-avec-succes\/#article","isPartOf":{"@id":"https:\/\/www.sylvialarrass.com\/fr\/les-cles-pour-prendre-la-parole-en-reunion-avec-succes\/"},"author":{"name":"Sylvia Larrass","@id":"https:\/\/www.sylvialarrass.com\/#\/schema\/person\/6690a1825715ab76ae67fa7ea756999a"},"headline":"Les cl\u00e9s pour prendre la parole en r\u00e9union avec succ\u00e8s","datePublished":"2019-03-18T23:08:30+00:00","mainEntityOfPage":{"@id":"https:\/\/www.sylvialarrass.com\/fr\/les-cles-pour-prendre-la-parole-en-reunion-avec-succes\/"},"wordCount":651,"commentCount":0,"articleSection":["Non classifi\u00e9(e)"],"inLanguage":"fr-FR","potentialAction":[{"@type":"CommentAction","name":"Comment","target":["https:\/\/www.sylvialarrass.com\/fr\/les-cles-pour-prendre-la-parole-en-reunion-avec-succes\/#respond"]}]},{"@type":"WebPage","@id":"https:\/\/www.sylvialarrass.com\/fr\/les-cles-pour-prendre-la-parole-en-reunion-avec-succes\/","url":"https:\/\/www.sylvialarrass.com\/fr\/les-cles-pour-prendre-la-parole-en-reunion-avec-succes\/","name":"Les cl\u00e9s pour prendre la parole en r\u00e9union avec succ\u00e8s - Sylvia Larrass - Public Speaking Training and Voice Coaching","isPartOf":{"@id":"https:\/\/www.sylvialarrass.com\/#website"},"datePublished":"2019-03-18T23:08:30+00:00","author":{"@id":"https:\/\/www.sylvialarrass.com\/#\/schema\/person\/6690a1825715ab76ae67fa7ea756999a"},"breadcrumb":{"@id":"https:\/\/www.sylvialarrass.com\/fr\/les-cles-pour-prendre-la-parole-en-reunion-avec-succes\/#breadcrumb"},"inLanguage":"fr-FR","potentialAction":[{"@type":"ReadAction","target":["https:\/\/www.sylvialarrass.com\/fr\/les-cles-pour-prendre-la-parole-en-reunion-avec-succes\/"]}]},{"@type":"BreadcrumbList","@id":"https:\/\/www.sylvialarrass.com\/fr\/les-cles-pour-prendre-la-parole-en-reunion-avec-succes\/#breadcrumb","itemListElement":[{"@type":"ListItem","position":1,"name":"Home","item":"https:\/\/www.sylvialarrass.com\/fr\/"},{"@type":"ListItem","position":2,"name":"Les cl\u00e9s pour prendre la parole en r\u00e9union avec succ\u00e8s"}]},{"@type":"WebSite","@id":"https:\/\/www.sylvialarrass.com\/#website","url":"https:\/\/www.sylvialarrass.com\/","name":"Sylvia Larrass - Public Speaking Training and Voice Coaching","description":"Public Speaking Training and Voice Coaching","potentialAction":[{"@type":"SearchAction","target":{"@type":"EntryPoint","urlTemplate":"https:\/\/www.sylvialarrass.com\/?s={search_term_string}"},"query-input":{"@type":"PropertyValueSpecification","valueRequired":true,"valueName":"search_term_string"}}],"inLanguage":"fr-FR"},{"@type":"Person","@id":"https:\/\/www.sylvialarrass.com\/#\/schema\/person\/6690a1825715ab76ae67fa7ea756999a","name":"Sylvia Larrass","image":{"@type":"ImageObject","inLanguage":"fr-FR","@id":"https:\/\/secure.gravatar.com\/avatar\/50c30125c2237b112182ff22294a4f6b093781ca504135f6bda81992b3ca88b1?s=96&d=mm&r=g","url":"https:\/\/secure.gravatar.com\/avatar\/50c30125c2237b112182ff22294a4f6b093781ca504135f6bda81992b3ca88b1?s=96&d=mm&r=g","contentUrl":"https:\/\/secure.gravatar.com\/avatar\/50c30125c2237b112182ff22294a4f6b093781ca504135f6bda81992b3ca88b1?s=96&d=mm&r=g","caption":"Sylvia Larrass"},"description":"Over the past 20 years, I\u2019ve coached hundreds of professionals across Canada and Europe in person and virtually in voice, public speaking, communication and leadership skills. From CEOs to politicians, lawyers, public servants of all levels, scientists, entrepreneurs, among others, I\u2019ve seen individuals and teams take their communication abilities to unexpected heights.","sameAs":["https:\/\/www.facebook.com\/ExcelAtSpeaking\/","sylvia-larrass-7835333","https:\/\/x.com\/excelatspeaking"],"url":"https:\/\/www.sylvialarrass.com\/fr\/author\/sundance3\/"}]}},"_links":{"self":[{"href":"https:\/\/www.sylvialarrass.com\/fr\/wp-json\/wp\/v2\/posts\/1843","targetHints":{"allow":["GET"]}}],"collection":[{"href":"https:\/\/www.sylvialarrass.com\/fr\/wp-json\/wp\/v2\/posts"}],"about":[{"href":"https:\/\/www.sylvialarrass.com\/fr\/wp-json\/wp\/v2\/types\/post"}],"author":[{"embeddable":true,"href":"https:\/\/www.sylvialarrass.com\/fr\/wp-json\/wp\/v2\/users\/1"}],"replies":[{"embeddable":true,"href":"https:\/\/www.sylvialarrass.com\/fr\/wp-json\/wp\/v2\/comments?post=1843"}],"version-history":[{"count":0,"href":"https:\/\/www.sylvialarrass.com\/fr\/wp-json\/wp\/v2\/posts\/1843\/revisions"}],"wp:attachment":[{"href":"https:\/\/www.sylvialarrass.com\/fr\/wp-json\/wp\/v2\/media?parent=1843"}],"wp:term":[{"taxonomy":"category","embeddable":true,"href":"https:\/\/www.sylvialarrass.com\/fr\/wp-json\/wp\/v2\/categories?post=1843"},{"taxonomy":"post_tag","embeddable":true,"href":"https:\/\/www.sylvialarrass.com\/fr\/wp-json\/wp\/v2\/tags?post=1843"}],"curies":[{"name":"wp","href":"https:\/\/api.w.org\/{rel}","templated":true}]}}